{"id":1700,"date":"2025-10-15T06:28:12","date_gmt":"2025-10-15T06:28:12","guid":{"rendered":"https:\/\/www.aberdare.co.za\/intelec\/?p=1700"},"modified":"2025-10-15T07:07:23","modified_gmt":"2025-10-15T07:07:23","slug":"em-conversa-com-o-presidente-de-mocambique","status":"publish","type":"post","link":"https:\/\/www.aberdare.co.za\/intelec\/em-conversa-com-o-presidente-de-mocambique\/","title":{"rendered":"Em conversa com o Presidente de Mo\u00e7ambique"},"content":{"rendered":"<p>Ercilio Alibai, diretor-geral da Aberdare Intelec, teve a agrad\u00e1vel oportunidade de estar com o Presidente de Mo\u00e7ambique, Presidente Daniel Chapo, em uma conversa informal.<\/p>\n<p>Anteriormente, encontrou-se em diferentes ocasi\u00f5es com o Sr. Guebuza (junto com o Sr. M\u00e1rio Joaquim, ex-diretor-geral da Aberdare Intelec Mo\u00e7ambique, Lda) e com o Sr. Nyusi (junto com o Sr. Matla e a Sra. Hamida).<\/p>\n<div id='gallery-1' class='gallery galleryid-1700 gallery-columns-4 gallery-size-medium'><figure class='gallery-item'>\n\t\t\t<div class='gallery-icon landscape'>\n\t\t\t\t<a href='https:\/\/www.aberdare.co.za\/intelec\/wp-content\/uploads\/2025\/10\/202510014-Presidende-Daniel-Chapo-e-Ercilio-Alibai-b.jpg'><img fetchpriority=\"high\" decoding=\"async\" width=\"300\" height=\"199\" src=\"https:\/\/www.aberdare.co.za\/intelec\/wp-content\/uploads\/2025\/10\/202510014-Presidende-Daniel-Chapo-e-Ercilio-Alibai-b-300x199.jpg\" class=\"attachment-medium size-medium\" alt=\"\" srcset=\"https:\/\/www.aberdare.co.za\/intelec\/wp-content\/uploads\/2025\/10\/202510014-Presidende-Daniel-Chapo-e-Ercilio-Alibai-b-300x199.jpg 300w, https:\/\/www.aberdare.co.za\/intelec\/wp-content\/uploads\/2025\/10\/202510014-Presidende-Daniel-Chapo-e-Ercilio-Alibai-b-1024x678.jpg 1024w, https:\/\/www.aberdare.co.za\/intelec\/wp-content\/uploads\/2025\/10\/202510014-Presidende-Daniel-Chapo-e-Ercilio-Alibai-b-768x509.jpg 768w, https:\/\/www.aberdare.co.za\/intelec\/wp-content\/uploads\/2025\/10\/202510014-Presidende-Daniel-Chapo-e-Ercilio-Alibai-b.jpg 1232w\" sizes=\"(max-width: 300px) 100vw, 300px\" \/><\/a>\n\t\t\t<\/div><\/figure><figure class='gallery-item'>\n\t\t\t<div class='gallery-icon landscape'>\n\t\t\t\t<a href='https:\/\/www.aberdare.co.za\/intelec\/wp-content\/uploads\/2025\/10\/202510014-Presidende-Daniel-Chapo-e-Ercilio-Alibai.jpg'><img decoding=\"async\" width=\"300\" height=\"199\" src=\"https:\/\/www.aberdare.co.za\/intelec\/wp-content\/uploads\/2025\/10\/202510014-Presidende-Daniel-Chapo-e-Ercilio-Alibai-300x199.jpg\" class=\"attachment-medium size-medium\" alt=\"\" srcset=\"https:\/\/www.aberdare.co.za\/intelec\/wp-content\/uploads\/2025\/10\/202510014-Presidende-Daniel-Chapo-e-Ercilio-Alibai-300x199.jpg 300w, https:\/\/www.aberdare.co.za\/intelec\/wp-content\/uploads\/2025\/10\/202510014-Presidende-Daniel-Chapo-e-Ercilio-Alibai-1024x678.jpg 1024w, https:\/\/www.aberdare.co.za\/intelec\/wp-content\/uploads\/2025\/10\/202510014-Presidende-Daniel-Chapo-e-Ercilio-Alibai-768x509.jpg 768w, https:\/\/www.aberdare.co.za\/intelec\/wp-content\/uploads\/2025\/10\/202510014-Presidende-Daniel-Chapo-e-Ercilio-Alibai.jpg 1232w\" sizes=\"(max-width: 300px) 100vw, 300px\" \/><\/a>\n\t\t\t<\/div><\/figure><figure class='gallery-item'>\n\t\t\t<div class='gallery-icon landscape'>\n\t\t\t\t<a href='https:\/\/www.aberdare.co.za\/intelec\/wp-content\/uploads\/2025\/10\/Eng-Filipe-Nyusi-Mozambican-Presidente-2015-2025-visiting-our-exhibition-at-Centro-de-Conferencias-Joaquim-Chissano-scaled.jpg'><img decoding=\"async\" width=\"300\" height=\"200\" src=\"https:\/\/www.aberdare.co.za\/intelec\/wp-content\/uploads\/2025\/10\/Eng-Filipe-Nyusi-Mozambican-Presidente-2015-2025-visiting-our-exhibition-at-Centro-de-Conferencias-Joaquim-Chissano-300x200.jpg\" class=\"attachment-medium size-medium\" alt=\"\" srcset=\"https:\/\/www.aberdare.co.za\/intelec\/wp-content\/uploads\/2025\/10\/Eng-Filipe-Nyusi-Mozambican-Presidente-2015-2025-visiting-our-exhibition-at-Centro-de-Conferencias-Joaquim-Chissano-300x200.jpg 300w, https:\/\/www.aberdare.co.za\/intelec\/wp-content\/uploads\/2025\/10\/Eng-Filipe-Nyusi-Mozambican-Presidente-2015-2025-visiting-our-exhibition-at-Centro-de-Conferencias-Joaquim-Chissano-1024x683.jpg 1024w, https:\/\/www.aberdare.co.za\/intelec\/wp-content\/uploads\/2025\/10\/Eng-Filipe-Nyusi-Mozambican-Presidente-2015-2025-visiting-our-exhibition-at-Centro-de-Conferencias-Joaquim-Chissano-768x512.jpg 768w, https:\/\/www.aberdare.co.za\/intelec\/wp-content\/uploads\/2025\/10\/Eng-Filipe-Nyusi-Mozambican-Presidente-2015-2025-visiting-our-exhibition-at-Centro-de-Conferencias-Joaquim-Chissano-1536x1024.jpg 1536w, https:\/\/www.aberdare.co.za\/intelec\/wp-content\/uploads\/2025\/10\/Eng-Filipe-Nyusi-Mozambican-Presidente-2015-2025-visiting-our-exhibition-at-Centro-de-Conferencias-Joaquim-Chissano-2048x1365.jpg 2048w\" sizes=\"(max-width: 300px) 100vw, 300px\" \/><\/a>\n\t\t\t<\/div><\/figure><figure class='gallery-item'>\n\t\t\t<div class='gallery-icon landscape'>\n\t\t\t\t<a href='https:\/\/www.aberdare.co.za\/intelec\/wp-content\/uploads\/2025\/10\/Mr-Armando-Emilio-Guebuza-Moz-Presidente-2005-2015-at-Aberdare-Stand-FACIM-2.jpg'><img loading=\"lazy\" decoding=\"async\" width=\"300\" height=\"184\" src=\"https:\/\/www.aberdare.co.za\/intelec\/wp-content\/uploads\/2025\/10\/Mr-Armando-Emilio-Guebuza-Moz-Presidente-2005-2015-at-Aberdare-Stand-FACIM-2-300x184.jpg\" class=\"attachment-medium size-medium\" alt=\"\" srcset=\"https:\/\/www.aberdare.co.za\/intelec\/wp-content\/uploads\/2025\/10\/Mr-Armando-Emilio-Guebuza-Moz-Presidente-2005-2015-at-Aberdare-Stand-FACIM-2-300x184.jpg 300w, https:\/\/www.aberdare.co.za\/intelec\/wp-content\/uploads\/2025\/10\/Mr-Armando-Emilio-Guebuza-Moz-Presidente-2005-2015-at-Aberdare-Stand-FACIM-2-1024x628.jpg 1024w, https:\/\/www.aberdare.co.za\/intelec\/wp-content\/uploads\/2025\/10\/Mr-Armando-Emilio-Guebuza-Moz-Presidente-2005-2015-at-Aberdare-Stand-FACIM-2-768x471.jpg 768w, https:\/\/www.aberdare.co.za\/intelec\/wp-content\/uploads\/2025\/10\/Mr-Armando-Emilio-Guebuza-Moz-Presidente-2005-2015-at-Aberdare-Stand-FACIM-2-1536x941.jpg 1536w, https:\/\/www.aberdare.co.za\/intelec\/wp-content\/uploads\/2025\/10\/Mr-Armando-Emilio-Guebuza-Moz-Presidente-2005-2015-at-Aberdare-Stand-FACIM-2.jpg 1594w\" sizes=\"(max-width: 300px) 100vw, 300px\" \/><\/a>\n\t\t\t<\/div><\/figure>\n\t\t<\/div>\n\n","protected":false},"excerpt":{"rendered":"<p>Ercilio Alibai, diretor-geral da Aberdare Intelec, teve a agrad\u00e1vel oportunidade de estar com o Presidente de Mo\u00e7ambique, Presidente Daniel Chapo, [&hellip;]<\/p>\n","protected":false},"author":3,"featured_media":1701,"comment_status":"open","ping_status":"open","sticky":false,"template":"","format":"standard","meta":{"site-sidebar-layout":"default","site-content-layout":"","ast-site-content-layout":"default","site-content-style":"default","site-sidebar-style":"default","ast-global-header-display":"","ast-banner-title-visibility":"","ast-main-header-display":"","ast-hfb-above-header-display":"","ast-hfb-below-header-display":"","ast-hfb-mobile-header-display":"","site-post-title":"","ast-breadcrumbs-content":"","ast-featured-img":"","footer-sml-layout":"","ast-disable-related-posts":"","theme-transparent-header-meta":"default","adv-header-id-meta":"","stick-header-meta":"","header-above-stick-meta":"","header-main-stick-meta":"","header-below-stick-meta":"","astra-migrate-meta-layouts":"set","ast-page-background-enabled":"default","ast-page-background-meta":{"desktop":{"background-color":"var(--ast-global-color-5)","background-image":"","background-repeat":"repeat","background-position":"center center","background-size":"auto","background-attachment":"scroll","background-type":"","background-media":"","overlay-type":"","overlay-color":"","overlay-opacity":"","overlay-gradient":""},"tablet":{"background-color":"","background-image":"","background-repeat":"repeat","background-position":"center center","background-size":"auto","background-attachment":"scroll","background-type":"","background-media":"","overlay-type":"","overlay-color":"","overlay-opacity":"","overlay-gradient":""},"mobile":{"background-color":"","background-image":"","background-repeat":"repeat","background-position":"center center","background-size":"auto","background-attachment":"scroll","background-type":"","background-media":"","overlay-type":"","overlay-color":"","overlay-opacity":"","overlay-gradient":""}},"ast-content-background-meta":{"desktop":{"background-color":"var(--ast-global-color-4)","background-image":"","background-repeat":"repeat","background-position":"center center","background-size":"auto","background-attachment":"scroll","background-type":"","background-media":"","overlay-type":"","overlay-color":"","overlay-opacity":"","overlay-gradient":""},"tablet":{"background-color":"var(--ast-global-color-4)","background-image":"","background-repeat":"repeat","background-position":"center center","background-size":"auto","background-attachment":"scroll","background-type":"","background-media":"","overlay-type":"","overlay-color":"","overlay-opacity":"","overlay-gradient":""},"mobile":{"background-color":"var(--ast-global-color-4)","background-image":"","background-repeat":"repeat","background-position":"center center","background-size":"auto","background-attachment":"scroll","background-type":"","background-media":"","overlay-type":"","overlay-color":"","overlay-opacity":"","overlay-gradient":""}},"footnotes":""},"categories":[1],"tags":[],"class_list":["post-1700","post","type-post","status-publish","format-standard","has-post-thumbnail","hentry","category-uncategorized"],"rttpg_featured_image_url":{"full":["https:\/\/www.aberdare.co.za\/intelec\/wp-content\/uploads\/2025\/10\/202510014-Presidende-Daniel-Chapo-e-Ercilio-Alibai-1.jpg",1232,816,false],"landscape":["https:\/\/www.aberdare.co.za\/intelec\/wp-content\/uploads\/2025\/10\/202510014-Presidende-Daniel-Chapo-e-Ercilio-Alibai-1.jpg",1232,816,false],"portraits":["https:\/\/www.aberdare.co.za\/intelec\/wp-content\/uploads\/2025\/10\/202510014-Presidende-Daniel-Chapo-e-Ercilio-Alibai-1.jpg",1232,816,false],"thumbnail":["https:\/\/www.aberdare.co.za\/intelec\/wp-content\/uploads\/2025\/10\/202510014-Presidende-Daniel-Chapo-e-Ercilio-Alibai-1-150x150.jpg",150,150,true],"medium":["https:\/\/www.aberdare.co.za\/intelec\/wp-content\/uploads\/2025\/10\/202510014-Presidende-Daniel-Chapo-e-Ercilio-Alibai-1-300x199.jpg",300,199,true],"large":["https:\/\/www.aberdare.co.za\/intelec\/wp-content\/uploads\/2025\/10\/202510014-Presidende-Daniel-Chapo-e-Ercilio-Alibai-1-1024x678.jpg",1024,678,true],"1536x1536":["https:\/\/www.aberdare.co.za\/intelec\/wp-content\/uploads\/2025\/10\/202510014-Presidende-Daniel-Chapo-e-Ercilio-Alibai-1.jpg",1232,816,false],"2048x2048":["https:\/\/www.aberdare.co.za\/intelec\/wp-content\/uploads\/2025\/10\/202510014-Presidende-Daniel-Chapo-e-Ercilio-Alibai-1.jpg",1232,816,false]},"rttpg_author":{"display_name":"Aberdare Intelec","author_link":"https:\/\/www.aberdare.co.za\/intelec\/author\/hugh\/"},"rttpg_comment":0,"rttpg_category":"<a href=\"https:\/\/www.aberdare.co.za\/intelec\/category\/uncategorized\/\" rel=\"category tag\">Uncategorized<\/a>","rttpg_excerpt":"Ercilio Alibai, diretor-geral da Aberdare Intelec, teve a agrad\u00e1vel oportunidade de estar com o Presidente de Mo\u00e7ambique, Presidente Daniel Chapo, [&hellip;]","_links":{"self":[{"href":"https:\/\/www.aberdare.co.za\/intelec\/wp-json\/wp\/v2\/posts\/1700","targetHints":{"allow":["GET"]}}],"collection":[{"href":"https:\/\/www.aberdare.co.za\/intelec\/wp-json\/wp\/v2\/posts"}],"about":[{"href":"https:\/\/www.aberdare.co.za\/intelec\/wp-json\/wp\/v2\/types\/post"}],"author":[{"embeddable":true,"href":"https:\/\/www.aberdare.co.za\/intelec\/wp-json\/wp\/v2\/users\/3"}],"replies":[{"embeddable":true,"href":"https:\/\/www.aberdare.co.za\/intelec\/wp-json\/wp\/v2\/comments?post=1700"}],"version-history":[{"count":5,"href":"https:\/\/www.aberdare.co.za\/intelec\/wp-json\/wp\/v2\/posts\/1700\/revisions"}],"predecessor-version":[{"id":1718,"href":"https:\/\/www.aberdare.co.za\/intelec\/wp-json\/wp\/v2\/posts\/1700\/revisions\/1718"}],"wp:featuredmedia":[{"embeddable":true,"href":"https:\/\/www.aberdare.co.za\/intelec\/wp-json\/wp\/v2\/media\/1701"}],"wp:attachment":[{"href":"https:\/\/www.aberdare.co.za\/intelec\/wp-json\/wp\/v2\/media?parent=1700"}],"wp:term":[{"taxonomy":"category","embeddable":true,"href":"https:\/\/www.aberdare.co.za\/intelec\/wp-json\/wp\/v2\/categories?post=1700"},{"taxonomy":"post_tag","embeddable":true,"href":"https:\/\/www.aberdare.co.za\/intelec\/wp-json\/wp\/v2\/tags?post=1700"}],"curies":[{"name":"wp","href":"https:\/\/api.w.org\/{rel}","templated":true}]}}